{"id":305,"date":"2023-01-18T12:42:05","date_gmt":"2023-01-18T10:42:05","guid":{"rendered":"http:\/\/reses-argumenta.fi\/?p=305"},"modified":"2023-11-25T12:58:12","modified_gmt":"2023-11-25T10:58:12","slug":"kutsu-ovatko-ekonomistit-aikamme-haasteiden-tasalla-8-2-2023-17-1830","status":"publish","type":"post","link":"https:\/\/reses-argumenta.fi\/?p=305","title":{"rendered":"Kutsu: Ovatko ekonomistit aikamme haasteiden tasalla? \/ 8.2.2023, 17-19:00"},"content":{"rendered":"\n<figure class=\"wp-block-image size-full\"><img loading=\"lazy\" decoding=\"async\" width=\"1024\" height=\"512\" src=\"https:\/\/reses-argumenta.fi\/wp-content\/uploads\/2023\/02\/reses_first_eventbanner_v2.png\" alt=\"\" class=\"wp-image-386\" srcset=\"https:\/\/reses-argumenta.fi\/wp-content\/uploads\/2023\/02\/reses_first_eventbanner_v2.png 1024w, https:\/\/reses-argumenta.fi\/wp-content\/uploads\/2023\/02\/reses_first_eventbanner_v2-300x150.png 300w, https:\/\/reses-argumenta.fi\/wp-content\/uploads\/2023\/02\/reses_first_eventbanner_v2-768x384.png 768w\" sizes=\"auto, (max-width: 1024px) 100vw, 1024px\" \/><\/figure>\n\n\n\n<p><strong>Ovatko ekonomistit aikamme haasteiden tasalla?<\/strong><strong>&nbsp;<\/strong><strong>\u202f<\/strong>&nbsp;<\/p>\n\n\n\n<p>8.2.2023 KLO 17:00 \u2013 19:00,\u00a0<strong>Tiedekulma, Helsinki<\/strong>\u00a0ja verkossa<br><a rel=\"noreferrer noopener\" href=\"https:\/\/tiedekulmamedia.helsinki.fi\/fi\/web\/tiedekulma\/player\/webcast?playerId=99487739&amp;eventId=219500808\" target=\"_blank\">Linkki striimiin<\/a><\/p>\n\n\n\n<p><img decoding=\"async\" src=\"https:\/\/static.xx.fbcdn.net\/images\/emoji.php\/v9\/tcf\/2\/16\/1f514.png\" alt=\"\ud83d\udd14\">&nbsp;<strong>H\u00e4lytyskellot soivat! Osaako taloustiede auttaa? Vai onko siit\u00e4 enemm\u00e4n harmia?<\/strong>&nbsp;<\/p>\n\n\n\n<p>\ud83c\udf0d&nbsp;Ymm\u00e4rt\u00e4\u00e4k\u00f6 taloustiede, mihin maailma on menossa? Onko sill\u00e4 nykyisell\u00e4\u00e4n v\u00e4lineit\u00e4 vastata ihmiskunnan suurimpiin haasteisiin \u2013 tai kyky\u00e4 rakentaa noita v\u00e4lineit\u00e4? Miksi sit\u00e4 alati syytet\u00e4\u00e4n kapeudesta, jopa sokeudesta?&nbsp; Ansaitseeko se nykyisen auktoriteettinsa yhteiskunnassa?&nbsp;&nbsp;<\/p>\n\n\n\n<p><img decoding=\"async\" src=\"https:\/\/static.xx.fbcdn.net\/images\/emoji.php\/v9\/t51\/2\/16\/1f9ef.png\" alt=\"\ud83e\uddef\">&nbsp;Ilmastonmuutos, luontokato, sota, pandemiat, kasvava eriarvoisuus, ik\u00e4\u00e4ntyv\u00e4t v\u00e4est\u00f6t, liberaalin demokratian ahdinko, mielenterveysongelmat, teko\u00e4lyn rynnistys. Suuren mittakaavan kriisej\u00e4 ja haasteita, samanaikaisesti. Onko taloustieteell\u00e4 ev\u00e4it\u00e4 niiden kohtaamiseen?&nbsp;<\/p>\n\n\n\n<p><img decoding=\"async\" src=\"https:\/\/static.xx.fbcdn.net\/images\/emoji.php\/v9\/tcd\/2\/16\/2753.png\" alt=\"\u2753\">&nbsp;Taloustiede nauttii huomattavaa tiedollista auktoriteettia yhteiskunnassa, mutta se on my\u00f6s koko historiansa ajan ollut hyvin kiistelty tieteenala. Milt\u00e4 n\u00e4m\u00e4 kiista-asetelmat n\u00e4ytt\u00e4v\u00e4t t\u00e4n\u00e4\u00e4n? Miten taloustieteen tulisi muuttua s\u00e4ilytt\u00e4\u00e4kseen auktoriteettinsa ja ollakseen ihmiskunnalle hy\u00f6dyksi?&nbsp;<\/p>\n\n\n\n<p>\ud83d\udca1&nbsp;Tervetuloa Tiedekulmaan tapahtumaan, jossa keskustelemme taloustieteen kyvyst\u00e4 vastata aikamme yhteiskunnallisiin haasteisiin.&nbsp;&nbsp;<\/p>\n\n\n\n<p><strong>Puheenjohtaja:<\/strong>&nbsp;Uskali&nbsp;M\u00e4ki (Helsingin yliopisto)&nbsp;<\/p>\n\n\n\n<p><strong>Avausesitelm\u00e4:&nbsp;<\/strong>Wendy Carlin (University College London)&nbsp;&nbsp;<\/p>\n\n\n\n<p><strong>Paneelikeskustelu:<\/strong>&nbsp;<\/p>\n\n\n\n<ul class=\"wp-block-list\">\n<li>Riina Bhatia (Puheenjohtaja, Rethinking Economics Finland)&nbsp;<\/li>\n\n\n\n<li>Eeva Hellstr\u00f6m (Johtava&nbsp;asiantuntija, Sitra)&nbsp;<\/li>\n\n\n\n<li>Mika Pantzar&nbsp;(Professori, Helsingin yliopisto)&nbsp;<\/li>\n\n\n\n<li>Roope Uusitalo (Professori, Helsingin yliopisto)&nbsp;<\/li>\n<\/ul>\n\n\n\n<p>\u202fAvausesitelm\u00e4 pidet\u00e4\u00e4n englanniksi (online-yhteydell\u00e4, n. 15 minuuttia). Paneelikeskustelu j\u00e4rjestet\u00e4\u00e4n suomeksi paikan p\u00e4\u00e4ll\u00e4. Yleis\u00f6n ja et\u00e4n\u00e4 osallistuvien on mahdollista esitt\u00e4\u00e4 kysymyksi\u00e4 panelisteille.\u202fTapahtuma on avoin kaikille, eik\u00e4 vaadi ennakkoilmoittautumista.&nbsp;<\/p>\n\n\n\n<p>Osallistu joko paikan p\u00e4\u00e4ll\u00e4 tai et\u00e4n\u00e4.\u00a0<br>Tapahtuma facebookissa:\u00a0<a rel=\"noreferrer noopener\" href=\"https:\/\/fb.me\/e\/30UhB7sHs\" target=\"_blank\">https:\/\/fb.me\/e\/30UhB7sHs<\/a><br>Tapahtumasta tulee tallenne n. viikko tapahtuman j\u00e4lkeen. <\/p>\n\n\n\n<p>\u2615&nbsp;Paneelikeskustelun&nbsp;j\u00e4lkeen jatkamme keskustelua avoimessa wine&amp;snacks&nbsp;-osuudessa.&nbsp;(Ennakkoilmoittautuminen tarjoiluihin on p\u00e4\u00e4ttynyt, mutta tilaisuus on avoin kaikille.)  <\/p>\n\n\n\n<p>Tapahtuma avaa &#8220;Rethinking the Serviceability of Economics to Society (ReSES)&#8221; -hankkeen, jossa j\u00e4rjestet\u00e4\u00e4n lukuisia tapahtumia taloustieteest\u00e4 ja taloustieteen ja yhteiskunnan v\u00e4lisest\u00e4 suhteesta vuosina 2023-2024.&nbsp;Lis\u00e4tietoa muista tulevista tapahtumistamme:&nbsp;<a rel=\"noreferrer noopener\" href=\"https:\/\/www.reses-argumenta.fi\/\" target=\"_blank\">https:\/\/www.reses-argumenta.fi<\/a>&nbsp;ja&nbsp;<a rel=\"noreferrer noopener\" href=\"https:\/\/twitter.com\/ReSESargumenta\" target=\"_blank\">@ReSESargumenta<\/a>&nbsp;<\/p>\n\n\n\n<p>Hanke toteutetaan Suomen Kulttuurirahaston Argumenta-rahoituksella.&nbsp;<\/p>\n","protected":false},"excerpt":{"rendered":"<p>Ymm\u00e4rt\u00e4\u00e4k\u00f6 taloustiede, mihin maailma on menossa? Ansaitseeko se nykyisen auktoriteettinsa yhteiskunnassa?\u00a0\u00a0Tervetuloa Tiedekulmaan tapahtumaan, jossa keskustelemme taloustieteen kyvyst\u00e4 vastata aikamme yhteiskunnallisiin haasteisiin.\u00a0\u00a0<\/p>\n","protected":false},"author":1,"featured_media":0,"comment_status":"open","ping_status":"open","sticky":false,"template":"","format":"standard","meta":{"jetpack_post_was_ever_published":false,"_jetpack_newsletter_access":"","_jetpack_dont_email_post_to_subs":false,"_jetpack_newsletter_tier_id":0,"_jetpack_memberships_contains_paywalled_content":false,"_jetpack_memberships_contains_paid_content":false,"footnotes":""},"categories":[22,49],"tags":[],"class_list":["post-305","post","type-post","status-publish","format-standard","hentry","category-in-finnish","category-panel-discussion"],"jetpack_featured_media_url":"","jetpack_sharing_enabled":true,"_links":{"self":[{"href":"https:\/\/reses-argumenta.fi\/index.php?rest_route=\/wp\/v2\/posts\/305","targetHints":{"allow":["GET"]}}],"collection":[{"href":"https:\/\/reses-argumenta.fi\/index.php?rest_route=\/wp\/v2\/posts"}],"about":[{"href":"https:\/\/reses-argumenta.fi\/index.php?rest_route=\/wp\/v2\/types\/post"}],"author":[{"embeddable":true,"href":"https:\/\/reses-argumenta.fi\/index.php?rest_route=\/wp\/v2\/users\/1"}],"replies":[{"embeddable":true,"href":"https:\/\/reses-argumenta.fi\/index.php?rest_route=%2Fwp%2Fv2%2Fcomments&post=305"}],"version-history":[{"count":7,"href":"https:\/\/reses-argumenta.fi\/index.php?rest_route=\/wp\/v2\/posts\/305\/revisions"}],"predecessor-version":[{"id":407,"href":"https:\/\/reses-argumenta.fi\/index.php?rest_route=\/wp\/v2\/posts\/305\/revisions\/407"}],"wp:attachment":[{"href":"https:\/\/reses-argumenta.fi\/index.php?rest_route=%2Fwp%2Fv2%2Fmedia&parent=305"}],"wp:term":[{"taxonomy":"category","embeddable":true,"href":"https:\/\/reses-argumenta.fi\/index.php?rest_route=%2Fwp%2Fv2%2Fcategories&post=305"},{"taxonomy":"post_tag","embeddable":true,"href":"https:\/\/reses-argumenta.fi\/index.php?rest_route=%2Fwp%2Fv2%2Ftags&post=305"}],"curies":[{"name":"wp","href":"https:\/\/api.w.org\/{rel}","templated":true}]}}